
{"id":6330,"date":"2024-02-16T22:38:31","date_gmt":"2024-02-16T22:38:31","guid":{"rendered":"https:\/\/ebsm.pt\/base\/?p=6330"},"modified":"2024-02-16T22:38:35","modified_gmt":"2024-02-16T22:38:35","slug":"semana-do-departamento-das-ciencias-exatas-e-da-natureza","status":"publish","type":"post","link":"https:\/\/ebsm.pt\/base\/?p=6330","title":{"rendered":"Semana do Departamento das Ci\u00eancias Exatas e da Natureza"},"content":{"rendered":"\n<h2 class=\"wp-block-heading\">&#8230; 19 a 23 de fevereiro<\/h2>\n\n\n\n<p>Na pr\u00f3xima semana, a Escola B\u00e1sica e Secund\u00e1ria de Machico dar\u00e1 in\u00edcio \u00e0 Semana do Departamento das Ci\u00eancias Exatas e da Natureza. Este evento, que se estender\u00e1 de <strong>19 a 23 de fevereiro<\/strong>, promete oferecer uma experi\u00eancia educativa e inspiradora para os alunos e toda a comunidade escolar.<\/p>\n\n\n\n<p>Durante esta semana, os estudantes ter\u00e3o a oportunidade \u00fanica de mergulhar no fascinante mundo das ci\u00eancias exatas e naturais atrav\u00e9s de uma variedade de atividades, tais como exposi\u00e7\u00f5es, jogos l\u00fadicos, atividades experimentais, sess\u00f5es de cinema, visitas de estudo, feira de minerais, proje\u00e7\u00e3o de v\u00eddeos e filmes, desafios di\u00e1rios, declama\u00e7\u00f5es com recurso \u00e0 Matem\u00e1tica e planta\u00e7\u00e3o de esp\u00e9cies ind\u00edgenas. O programa foi cuidadosamente concebido para despertar a curiosidade cient\u00edfica e promover a compreens\u00e3o dos fen\u00f3menos naturais que nos rodeiam.<\/p>\n\n\n\n<p>Professores e alunos estar\u00e3o \u00e0 disposi\u00e7\u00e3o para partilhar os seus conhecimentos e orientar outros alunos em experi\u00eancias que v\u00e3o desde a F\u00edsica e Qu\u00edmica, Biologia e Geologia at\u00e9 \u00e0 Matem\u00e1tica.<\/p>\n\n\n\n<p>A Semana do Departamento das Ci\u00eancias Exatas e da Natureza representa uma oportunidade valiosa para os alunos expandirem os seus horizontes, desenvolverem habilidades pr\u00e1ticas e cultivarem o interesse pelo conhecimento cient\u00edfico. Estamos entusiasmados por embarcar nesta jornada de descoberta e aprendizagem, e convidamos toda a comunidade escolar a participar nesta celebra\u00e7\u00e3o do saber e da investiga\u00e7\u00e3o.<\/p>\n\n\n\n<p>N\u00e3o perca esta emocionante semana dedicada \u00e0s ci\u00eancias exatas e naturais na Escola B\u00e1sica e Secund\u00e1ria de Machico!<\/p>\n\n\n\n<figure class=\"wp-block-embed is-type-video is-provider-youtube wp-block-embed-youtube wp-embed-aspect-16-9 wp-has-aspect-ratio\"><div class=\"wp-block-embed__wrapper\">\n<iframe loading=\"lazy\" title=\"Semana do Departamento das Ci\u00eancias Exatas e da Natureza 23-24\" width=\"900\" height=\"506\" src=\"https:\/\/www.youtube.com\/embed\/ES4Tv3V0tFo?feature=oembed\" frameborder=\"0\" allow=\"accelerometer; autoplay; clipboard-write; encrypted-media; gyroscope; picture-in-picture; web-share\" allowfullscreen><\/iframe>\n<\/div><\/figure>\n","protected":false},"excerpt":{"rendered":"<p>&#8230; 19 a 23 de fevereiro Na pr\u00f3xima semana, a Escola B\u00e1sica e Secund\u00e1ria de Machico dar\u00e1 in\u00edcio \u00e0 Semana do Departamento das Ci\u00eancias Exatas e da Natureza. Este evento, que se estender\u00e1 de 19 a 23 de fevereiro, promete oferecer uma experi\u00eancia educativa e inspiradora para os alunos e<\/p>\n","protected":false},"author":1,"featured_media":6331,"comment_status":"closed","ping_status":"closed","sticky":false,"template":"","format":"standard","meta":{"_themeisle_gutenberg_block_has_review":false,"footnotes":"","_links_to":"","_links_to_target":""},"categories":[25],"tags":[],"class_list":["post-6330","post","type-post","status-publish","format-standard","has-post-thumbnail","hentry","category-atividades"],"_links":{"self":[{"href":"https:\/\/ebsm.pt\/base\/index.php?rest_route=\/wp\/v2\/posts\/6330","targetHints":{"allow":["GET"]}}],"collection":[{"href":"https:\/\/ebsm.pt\/base\/index.php?rest_route=\/wp\/v2\/posts"}],"about":[{"href":"https:\/\/ebsm.pt\/base\/index.php?rest_route=\/wp\/v2\/types\/post"}],"author":[{"embeddable":true,"href":"https:\/\/ebsm.pt\/base\/index.php?rest_route=\/wp\/v2\/users\/1"}],"replies":[{"embeddable":true,"href":"https:\/\/ebsm.pt\/base\/index.php?rest_route=%2Fwp%2Fv2%2Fcomments&post=6330"}],"version-history":[{"count":1,"href":"https:\/\/ebsm.pt\/base\/index.php?rest_route=\/wp\/v2\/posts\/6330\/revisions"}],"predecessor-version":[{"id":6332,"href":"https:\/\/ebsm.pt\/base\/index.php?rest_route=\/wp\/v2\/posts\/6330\/revisions\/6332"}],"wp:featuredmedia":[{"embeddable":true,"href":"https:\/\/ebsm.pt\/base\/index.php?rest_route=\/wp\/v2\/media\/6331"}],"wp:attachment":[{"href":"https:\/\/ebsm.pt\/base\/index.php?rest_route=%2Fwp%2Fv2%2Fmedia&parent=6330"}],"wp:term":[{"taxonomy":"category","embeddable":true,"href":"https:\/\/ebsm.pt\/base\/index.php?rest_route=%2Fwp%2Fv2%2Fcategories&post=6330"},{"taxonomy":"post_tag","embeddable":true,"href":"https:\/\/ebsm.pt\/base\/index.php?rest_route=%2Fwp%2Fv2%2Ftags&post=6330"}],"curies":[{"name":"wp","href":"https:\/\/api.w.org\/{rel}","templated":true}]}}