
{"id":6333,"date":"2024-02-20T11:39:47","date_gmt":"2024-02-20T11:39:47","guid":{"rendered":"https:\/\/ebsm.pt\/base\/?p=6333"},"modified":"2024-02-20T11:39:52","modified_gmt":"2024-02-20T11:39:52","slug":"vii-encontro-regional-seguranet","status":"publish","type":"post","link":"https:\/\/ebsm.pt\/base\/?p=6333","title":{"rendered":"VII Encontro Regional SeguraNet:"},"content":{"rendered":"\n<p>A Secretaria Regional de Educa\u00e7\u00e3o, Ci\u00eancia e Tecnologia, atrav\u00e9s da Dire\u00e7\u00e3o<br>Regional de Educa\u00e7\u00e3o, ir\u00e1 promover o Vll Encontro Regional SeguraNet: &#8220;Engenharia<br>Social I Navega\u00e7\u00e3o Defensiva&#8221;, que se realizar\u00e1 no dia 29 de fevereiro de 2024&#8242; entre as<br>10h e as 12h, no audit\u00f3rio da Escola da APEL.<\/p>\n\n\n\n<figure class=\"wp-block-image size-large\"><img loading=\"lazy\" decoding=\"async\" width=\"724\" height=\"1024\" src=\"https:\/\/ebsm.pt\/base\/wp-content\/uploads\/2024\/02\/cartaz_seguranet_2024-724x1024.jpg\" alt=\"\" class=\"wp-image-6334\" srcset=\"https:\/\/ebsm.pt\/base\/wp-content\/uploads\/2024\/02\/cartaz_seguranet_2024-724x1024.jpg 724w, https:\/\/ebsm.pt\/base\/wp-content\/uploads\/2024\/02\/cartaz_seguranet_2024-212x300.jpg 212w, https:\/\/ebsm.pt\/base\/wp-content\/uploads\/2024\/02\/cartaz_seguranet_2024-768x1086.jpg 768w, https:\/\/ebsm.pt\/base\/wp-content\/uploads\/2024\/02\/cartaz_seguranet_2024-1086x1536.jpg 1086w, https:\/\/ebsm.pt\/base\/wp-content\/uploads\/2024\/02\/cartaz_seguranet_2024.jpg 1131w\" sizes=\"auto, (max-width: 724px) 100vw, 724px\" \/><\/figure>\n\n\n\n<p><a href=\"https:\/\/ebsm.pt\/base\/wp-content\/uploads\/2024\/02\/28_VIII-Encontro-Regional-SeguraNet.pdf\" target=\"_blank\" rel=\"noreferrer noopener\">Of\u00edcio Circular n.\u00ba 5.0.0-28\/2024<\/a><\/p>\n\n\n\n<p><a href=\"https:\/\/ebsm.pt\/base\/wp-content\/uploads\/2024\/02\/Programa-SeguraNet.pdf\" target=\"_blank\" rel=\"noreferrer noopener\">Programa<\/a><\/p>\n","protected":false},"excerpt":{"rendered":"<p>A Secretaria Regional de Educa\u00e7\u00e3o, Ci\u00eancia e Tecnologia, atrav\u00e9s da Dire\u00e7\u00e3oRegional de Educa\u00e7\u00e3o, ir\u00e1 promover o Vll Encontro Regional SeguraNet: &#8220;EngenhariaSocial I Navega\u00e7\u00e3o Defensiva&#8221;, que se realizar\u00e1 no dia 29 de fevereiro de 2024&#8242; entre as10h e as 12h, no audit\u00f3rio da Escola da APEL. Of\u00edcio Circular n.\u00ba 5.0.0-28\/2024 Programa<\/p>\n","protected":false},"author":1,"featured_media":6337,"comment_status":"closed","ping_status":"closed","sticky":false,"template":"","format":"standard","meta":{"_themeisle_gutenberg_block_has_review":false,"footnotes":"","_links_to":"","_links_to_target":""},"categories":[10],"tags":[],"class_list":["post-6333","post","type-post","status-publish","format-standard","has-post-thumbnail","hentry","category-noticias"],"_links":{"self":[{"href":"https:\/\/ebsm.pt\/base\/index.php?rest_route=\/wp\/v2\/posts\/6333","targetHints":{"allow":["GET"]}}],"collection":[{"href":"https:\/\/ebsm.pt\/base\/index.php?rest_route=\/wp\/v2\/posts"}],"about":[{"href":"https:\/\/ebsm.pt\/base\/index.php?rest_route=\/wp\/v2\/types\/post"}],"author":[{"embeddable":true,"href":"https:\/\/ebsm.pt\/base\/index.php?rest_route=\/wp\/v2\/users\/1"}],"replies":[{"embeddable":true,"href":"https:\/\/ebsm.pt\/base\/index.php?rest_route=%2Fwp%2Fv2%2Fcomments&post=6333"}],"version-history":[{"count":1,"href":"https:\/\/ebsm.pt\/base\/index.php?rest_route=\/wp\/v2\/posts\/6333\/revisions"}],"predecessor-version":[{"id":6338,"href":"https:\/\/ebsm.pt\/base\/index.php?rest_route=\/wp\/v2\/posts\/6333\/revisions\/6338"}],"wp:featuredmedia":[{"embeddable":true,"href":"https:\/\/ebsm.pt\/base\/index.php?rest_route=\/wp\/v2\/media\/6337"}],"wp:attachment":[{"href":"https:\/\/ebsm.pt\/base\/index.php?rest_route=%2Fwp%2Fv2%2Fmedia&parent=6333"}],"wp:term":[{"taxonomy":"category","embeddable":true,"href":"https:\/\/ebsm.pt\/base\/index.php?rest_route=%2Fwp%2Fv2%2Fcategories&post=6333"},{"taxonomy":"post_tag","embeddable":true,"href":"https:\/\/ebsm.pt\/base\/index.php?rest_route=%2Fwp%2Fv2%2Ftags&post=6333"}],"curies":[{"name":"wp","href":"https:\/\/api.w.org\/{rel}","templated":true}]}}