
{"id":6841,"date":"2024-09-30T22:01:23","date_gmt":"2024-09-30T22:01:23","guid":{"rendered":"https:\/\/ebsm.pt\/base\/?p=6841"},"modified":"2024-09-30T22:01:27","modified_gmt":"2024-09-30T22:01:27","slug":"assembleia-municipal-de-machico-realizou-sessao-ordinaria-na-escola-basica-e-secundaria-de-machico","status":"publish","type":"post","link":"https:\/\/ebsm.pt\/base\/?p=6841","title":{"rendered":"Assembleia Municipal de Machico realizou sess\u00e3o ordin\u00e1ria na Escola B\u00e1sica e Secund\u00e1ria de Machico"},"content":{"rendered":"\n<p>Na tarde de&nbsp; quarta feira, 25 de setembro, a Assembleia Municipal de Machico promoveu uma sess\u00e3o ordin\u00e1ria nas instala\u00e7\u00f5es da Escola B\u00e1sica e Secund\u00e1ria de Machico, numa iniciativa que visou aproximar a comunidade educativa da realidade pol\u00edtica local.&nbsp; O evento contou com a presen\u00e7a &nbsp;do Sr. Presidente da C\u00e2mara e dos &nbsp;Srs. vereadores, membros da Assembleia, alunos, professores, elementos da comunidade escolar e cidad\u00e3os de Machico.<\/p>\n\n\n\n<p>Durante a reuni\u00e3o, foram&nbsp; debatidos v\u00e1rios temas relevantes para o concelho, nomeadamente a Taxa Tur\u00edstica&nbsp; e&nbsp; a terceira revis\u00e3o or\u00e7amental.&nbsp; Um dos pontos de interesse para a nossa escola, foi a aprova\u00e7\u00e3o por unanimidade do Projetp Parlamento Jovem Municipal.<\/p>\n\n\n\n<p>A realiza\u00e7\u00e3o da Assembleia na escola faz &nbsp;parte de um esfor\u00e7o da Mesa da Assembleia Municipal&nbsp; para envolver os cidad\u00e3os, em particular os mais jovens, nos processos de decis\u00e3o pol\u00edtica. O Presidente da Assembleia destacou a import\u00e2ncia deste tipo de iniciativas e&nbsp; afirmou ser fundamental os jovens compreenderem o funcionamento da democracia e sentirem que t\u00eam voz ativa nas decis\u00f5es que afetam a sua comunidade.<\/p>\n\n\n\n<p>A Assembleia Municipal de Machico refor\u00e7ou, assim, o seu compromisso com a transpar\u00eancia e a participa\u00e7\u00e3o c\u00edvica, incentivando os jovens a tomarem parte ativa na constru\u00e7\u00e3o do futuro do concelho.<\/p>\n\n\n\n<p>A professora F\u00e1tima Alves<\/p>\n\n\n\n<figure class=\"wp-block-image size-full\"><img loading=\"lazy\" decoding=\"async\" width=\"654\" height=\"491\" src=\"https:\/\/ebsm.pt\/base\/wp-content\/uploads\/2024\/09\/image.png\" alt=\"\" class=\"wp-image-6842\" srcset=\"https:\/\/ebsm.pt\/base\/wp-content\/uploads\/2024\/09\/image.png 654w, https:\/\/ebsm.pt\/base\/wp-content\/uploads\/2024\/09\/image-300x225.png 300w\" sizes=\"auto, (max-width: 654px) 100vw, 654px\" \/><\/figure>\n\n\n\n<figure class=\"wp-block-image size-full\"><img loading=\"lazy\" decoding=\"async\" width=\"699\" height=\"525\" src=\"https:\/\/ebsm.pt\/base\/wp-content\/uploads\/2024\/09\/image-1.png\" alt=\"\" class=\"wp-image-6843\" srcset=\"https:\/\/ebsm.pt\/base\/wp-content\/uploads\/2024\/09\/image-1.png 699w, https:\/\/ebsm.pt\/base\/wp-content\/uploads\/2024\/09\/image-1-300x225.png 300w\" sizes=\"auto, (max-width: 699px) 100vw, 699px\" \/><\/figure>\n\n\n\n<figure class=\"wp-block-image size-full\"><img loading=\"lazy\" decoding=\"async\" width=\"645\" height=\"484\" src=\"https:\/\/ebsm.pt\/base\/wp-content\/uploads\/2024\/09\/image-2.png\" alt=\"\" class=\"wp-image-6844\" srcset=\"https:\/\/ebsm.pt\/base\/wp-content\/uploads\/2024\/09\/image-2.png 645w, https:\/\/ebsm.pt\/base\/wp-content\/uploads\/2024\/09\/image-2-300x225.png 300w\" sizes=\"auto, (max-width: 645px) 100vw, 645px\" \/><\/figure>\n\n\n\n<figure class=\"wp-block-image size-full\"><img loading=\"lazy\" decoding=\"async\" width=\"550\" height=\"412\" src=\"https:\/\/ebsm.pt\/base\/wp-content\/uploads\/2024\/09\/image-3.png\" alt=\"\" class=\"wp-image-6845\" srcset=\"https:\/\/ebsm.pt\/base\/wp-content\/uploads\/2024\/09\/image-3.png 550w, https:\/\/ebsm.pt\/base\/wp-content\/uploads\/2024\/09\/image-3-300x225.png 300w\" sizes=\"auto, (max-width: 550px) 100vw, 550px\" \/><\/figure>\n\n\n\n<figure class=\"wp-block-image size-full\"><img loading=\"lazy\" decoding=\"async\" width=\"950\" height=\"329\" src=\"https:\/\/ebsm.pt\/base\/wp-content\/uploads\/2024\/09\/image-4.png\" alt=\"\" class=\"wp-image-6846\" srcset=\"https:\/\/ebsm.pt\/base\/wp-content\/uploads\/2024\/09\/image-4.png 950w, https:\/\/ebsm.pt\/base\/wp-content\/uploads\/2024\/09\/image-4-300x104.png 300w, https:\/\/ebsm.pt\/base\/wp-content\/uploads\/2024\/09\/image-4-768x266.png 768w\" sizes=\"auto, (max-width: 950px) 100vw, 950px\" \/><\/figure>\n","protected":false},"excerpt":{"rendered":"<p>Na tarde de&nbsp; quarta feira, 25 de setembro, a Assembleia Municipal de Machico promoveu uma sess\u00e3o ordin\u00e1ria nas instala\u00e7\u00f5es da Escola B\u00e1sica e Secund\u00e1ria de Machico, numa iniciativa que visou aproximar a comunidade educativa da realidade pol\u00edtica local.&nbsp; O evento contou com a presen\u00e7a &nbsp;do Sr. Presidente da C\u00e2mara e<\/p>\n","protected":false},"author":1,"featured_media":6846,"comment_status":"closed","ping_status":"open","sticky":false,"template":"","format":"standard","meta":{"_themeisle_gutenberg_block_has_review":false,"footnotes":"","_links_to":"","_links_to_target":""},"categories":[10],"tags":[],"class_list":["post-6841","post","type-post","status-publish","format-standard","has-post-thumbnail","hentry","category-noticias"],"_links":{"self":[{"href":"https:\/\/ebsm.pt\/base\/index.php?rest_route=\/wp\/v2\/posts\/6841","targetHints":{"allow":["GET"]}}],"collection":[{"href":"https:\/\/ebsm.pt\/base\/index.php?rest_route=\/wp\/v2\/posts"}],"about":[{"href":"https:\/\/ebsm.pt\/base\/index.php?rest_route=\/wp\/v2\/types\/post"}],"author":[{"embeddable":true,"href":"https:\/\/ebsm.pt\/base\/index.php?rest_route=\/wp\/v2\/users\/1"}],"replies":[{"embeddable":true,"href":"https:\/\/ebsm.pt\/base\/index.php?rest_route=%2Fwp%2Fv2%2Fcomments&post=6841"}],"version-history":[{"count":1,"href":"https:\/\/ebsm.pt\/base\/index.php?rest_route=\/wp\/v2\/posts\/6841\/revisions"}],"predecessor-version":[{"id":6847,"href":"https:\/\/ebsm.pt\/base\/index.php?rest_route=\/wp\/v2\/posts\/6841\/revisions\/6847"}],"wp:featuredmedia":[{"embeddable":true,"href":"https:\/\/ebsm.pt\/base\/index.php?rest_route=\/wp\/v2\/media\/6846"}],"wp:attachment":[{"href":"https:\/\/ebsm.pt\/base\/index.php?rest_route=%2Fwp%2Fv2%2Fmedia&parent=6841"}],"wp:term":[{"taxonomy":"category","embeddable":true,"href":"https:\/\/ebsm.pt\/base\/index.php?rest_route=%2Fwp%2Fv2%2Fcategories&post=6841"},{"taxonomy":"post_tag","embeddable":true,"href":"https:\/\/ebsm.pt\/base\/index.php?rest_route=%2Fwp%2Fv2%2Ftags&post=6841"}],"curies":[{"name":"wp","href":"https:\/\/api.w.org\/{rel}","templated":true}]}}