
{"id":6897,"date":"2024-11-13T17:36:12","date_gmt":"2024-11-13T17:36:12","guid":{"rendered":"https:\/\/ebsm.pt\/base\/?p=6897"},"modified":"2024-11-13T17:36:22","modified_gmt":"2024-11-13T17:36:22","slug":"o-5-de-outubro-de-1910","status":"publish","type":"post","link":"https:\/\/ebsm.pt\/base\/?p=6897","title":{"rendered":"O 5 de outubro de 1910"},"content":{"rendered":"\n<p>A 5 de outubro de 1910 \u00e9 finalmente implantada a Rep\u00fablica em Portugal. Quando o reino portugu\u00eas foi reconhecido pelo tratado de Zamora, assinado entre D. Afonso Henriques e o seu primo Afonso VII de Le\u00e3o, a 5 de outubro de 1143, mal sab\u00edamos n\u00f3s que 767 anos depois, no mesmo dia e no mesmo m\u00eas, estar\u00edamos a assistir ao nascimento de uma nova forma de governar o pa\u00eds.<\/p>\n\n\n\n<p>A mudan\u00e7a foi apoiada por v\u00e1rios grupos sociais, entre eles a classe media, burguesia e o operariado, o que foi muito importante para o sucesso desta revolu\u00e7\u00e3o.<\/p>\n\n\n\n<p>Na madrugada do dia 5 de outubro de 1910 elementos da marinha portuguesa juntaram-se \u00e0s for\u00e7as militares que estavam concentrados na Rotunda. Nesse mesmo dia \u00e0s 09h00m, Jos\u00e9 Relvas e os seus apoiantes, proclamou da varanda da C\u00e2mara Municipal de Lisboa, a implanta\u00e7\u00e3o da rep\u00fablica, o que assinalou o fim do reinado de D. Manuel II.<\/p>\n\n\n\n<p>Jo\u00e3o Francisco Gon\u00e7alves, 6.\u00ba4<\/p>\n\n\n<div class=\"wp-block-image\">\n<figure class=\"aligncenter size-full\"><img loading=\"lazy\" decoding=\"async\" width=\"637\" height=\"906\" src=\"https:\/\/ebsm.pt\/base\/wp-content\/uploads\/2024\/11\/image-5.png\" alt=\"\" class=\"wp-image-6898\" srcset=\"https:\/\/ebsm.pt\/base\/wp-content\/uploads\/2024\/11\/image-5.png 637w, https:\/\/ebsm.pt\/base\/wp-content\/uploads\/2024\/11\/image-5-211x300.png 211w\" sizes=\"auto, (max-width: 637px) 100vw, 637px\" \/><\/figure>\n<\/div>\n\n\n<figure class=\"wp-block-image size-full\"><img loading=\"lazy\" decoding=\"async\" width=\"634\" height=\"131\" src=\"https:\/\/ebsm.pt\/base\/wp-content\/uploads\/2024\/11\/image-6.png\" alt=\"\" class=\"wp-image-6899\" srcset=\"https:\/\/ebsm.pt\/base\/wp-content\/uploads\/2024\/11\/image-6.png 634w, https:\/\/ebsm.pt\/base\/wp-content\/uploads\/2024\/11\/image-6-300x62.png 300w\" sizes=\"auto, (max-width: 634px) 100vw, 634px\" \/><\/figure>\n","protected":false},"excerpt":{"rendered":"<p>A 5 de outubro de 1910 \u00e9 finalmente implantada a Rep\u00fablica em Portugal. Quando o reino portugu\u00eas foi reconhecido pelo tratado de Zamora, assinado entre D. Afonso Henriques e o seu primo Afonso VII de Le\u00e3o, a 5 de outubro de 1143, mal sab\u00edamos n\u00f3s que 767 anos depois, no<\/p>\n","protected":false},"author":1,"featured_media":6899,"comment_status":"closed","ping_status":"open","sticky":false,"template":"","format":"standard","meta":{"_themeisle_gutenberg_block_has_review":false,"footnotes":"","_links_to":"","_links_to_target":""},"categories":[10],"tags":[],"class_list":["post-6897","post","type-post","status-publish","format-standard","has-post-thumbnail","hentry","category-noticias"],"_links":{"self":[{"href":"https:\/\/ebsm.pt\/base\/index.php?rest_route=\/wp\/v2\/posts\/6897","targetHints":{"allow":["GET"]}}],"collection":[{"href":"https:\/\/ebsm.pt\/base\/index.php?rest_route=\/wp\/v2\/posts"}],"about":[{"href":"https:\/\/ebsm.pt\/base\/index.php?rest_route=\/wp\/v2\/types\/post"}],"author":[{"embeddable":true,"href":"https:\/\/ebsm.pt\/base\/index.php?rest_route=\/wp\/v2\/users\/1"}],"replies":[{"embeddable":true,"href":"https:\/\/ebsm.pt\/base\/index.php?rest_route=%2Fwp%2Fv2%2Fcomments&post=6897"}],"version-history":[{"count":1,"href":"https:\/\/ebsm.pt\/base\/index.php?rest_route=\/wp\/v2\/posts\/6897\/revisions"}],"predecessor-version":[{"id":6900,"href":"https:\/\/ebsm.pt\/base\/index.php?rest_route=\/wp\/v2\/posts\/6897\/revisions\/6900"}],"wp:featuredmedia":[{"embeddable":true,"href":"https:\/\/ebsm.pt\/base\/index.php?rest_route=\/wp\/v2\/media\/6899"}],"wp:attachment":[{"href":"https:\/\/ebsm.pt\/base\/index.php?rest_route=%2Fwp%2Fv2%2Fmedia&parent=6897"}],"wp:term":[{"taxonomy":"category","embeddable":true,"href":"https:\/\/ebsm.pt\/base\/index.php?rest_route=%2Fwp%2Fv2%2Fcategories&post=6897"},{"taxonomy":"post_tag","embeddable":true,"href":"https:\/\/ebsm.pt\/base\/index.php?rest_route=%2Fwp%2Fv2%2Ftags&post=6897"}],"curies":[{"name":"wp","href":"https:\/\/api.w.org\/{rel}","templated":true}]}}