
{"id":7056,"date":"2025-02-24T21:03:56","date_gmt":"2025-02-24T21:03:56","guid":{"rendered":"https:\/\/ebsm.pt\/base\/?p=7056"},"modified":"2025-02-26T00:02:06","modified_gmt":"2025-02-26T00:02:06","slug":"9-o-campeonato-regional-de-jogos-matematicos","status":"publish","type":"post","link":"https:\/\/ebsm.pt\/base\/?p=7056","title":{"rendered":"9.\u00ba Campeonato Regional de Jogos Matem\u00e1ticos"},"content":{"rendered":"\n<p>A Escola B\u00e1sica e Secund\u00e1ria de Machico voltou a participar no 9.\u00ba Campeonato Regional dos Jogos Matem\u00e1ticos, que decorreu no passado dia 21 de fevereiro, das 9:30h \u00e0s 16:30h, no Parque Desportivo dos Trabalhadores Dr.&nbsp; Sid\u00f3nio Fernandes<strong>. <\/strong>No \u00e2mbito do clube de matem\u00e1tica participaram &nbsp;tr\u00eas alunos do segundo ciclo, dois do terceiro ciclo e dois do ensino secund\u00e1rio. Todos os alunos deram o seu melhor e divertiram-se, fizeram novos amigos, conheceram e aprenderam a jogar novos jogos de tabuleiro.<\/p>\n\n\n\n<figure class=\"wp-block-image size-full\"><img loading=\"lazy\" decoding=\"async\" width=\"321\" height=\"377\" src=\"https:\/\/ebsm.pt\/base\/wp-content\/uploads\/2025\/02\/image-3.png\" alt=\"\" class=\"wp-image-7057\" srcset=\"https:\/\/ebsm.pt\/base\/wp-content\/uploads\/2025\/02\/image-3.png 321w, https:\/\/ebsm.pt\/base\/wp-content\/uploads\/2025\/02\/image-3-255x300.png 255w\" sizes=\"auto, (max-width: 321px) 100vw, 321px\" \/><\/figure>\n\n\n\n<p>Os alunos Alexandre Canada Viveiros, Gustavo Sousa Santos Oliveira e Louren\u00e7o Duarte da Cunha representaram o segundo ciclo disputando os jogos Domin\u00f3rio, Produto e Rastros, ficando entre os primeiros seis classificados.<\/p>\n\n\n\n<figure class=\"wp-block-image size-full\"><img loading=\"lazy\" decoding=\"async\" width=\"307\" height=\"337\" src=\"https:\/\/ebsm.pt\/base\/wp-content\/uploads\/2025\/02\/image-4.png\" alt=\"\" class=\"wp-image-7058\" srcset=\"https:\/\/ebsm.pt\/base\/wp-content\/uploads\/2025\/02\/image-4.png 307w, https:\/\/ebsm.pt\/base\/wp-content\/uploads\/2025\/02\/image-4-273x300.png 273w\" sizes=\"auto, (max-width: 307px) 100vw, 307px\" \/><\/figure>\n\n\n\n<p>O terceiro ciclo foi representado pelos alunos Francisco Miguel Sp\u00ednola e Jorge Gabriel Vasconcelos N\u00f3brega, disputando os jogos Atari-GO e Produto, estes alunos ficaram entre os primeiros cinco classificados.<\/p>\n\n\n\n<p>O secund\u00e1rio foi representado pelos alunos David Sp\u00ednola, no jogo Produto e Eduarda Rodrigues, que brilhou disputando o jogo Nex , tendo obtido o primeiro lugar. Esta aluna ir\u00e1 a Aveiro, disputar o Campeonato Nacional de Jogos Matem\u00e1ticos que decorre no dia 14 de mar\u00e7o (Dia Internacional da Matem\u00e1tica e dia do Pi).<\/p>\n\n\n\n<p>Foi uma experi\u00eancia maravilhosa e para o ano l\u00e1 estaremos com os nossos brilhantes jogadores de Jogos Matem\u00e1ticos de tabuleiro.<\/p>\n\n\n\n<figure class=\"wp-block-gallery has-nested-images columns-default is-cropped wp-block-gallery-1 is-layout-flex wp-block-gallery-is-layout-flex\">\n<figure class=\"wp-block-image size-large\"><img loading=\"lazy\" decoding=\"async\" width=\"1024\" height=\"1024\" data-id=\"7066\" src=\"https:\/\/ebsm.pt\/base\/wp-content\/uploads\/2025\/02\/9o-campeonato-regional-de-jogos-matematicos-II-1024x1024.jpg\" alt=\"\" class=\"wp-image-7066\" srcset=\"https:\/\/ebsm.pt\/base\/wp-content\/uploads\/2025\/02\/9o-campeonato-regional-de-jogos-matematicos-II-1024x1024.jpg 1024w, https:\/\/ebsm.pt\/base\/wp-content\/uploads\/2025\/02\/9o-campeonato-regional-de-jogos-matematicos-II-300x300.jpg 300w, https:\/\/ebsm.pt\/base\/wp-content\/uploads\/2025\/02\/9o-campeonato-regional-de-jogos-matematicos-II-150x150.jpg 150w, https:\/\/ebsm.pt\/base\/wp-content\/uploads\/2025\/02\/9o-campeonato-regional-de-jogos-matematicos-II-768x768.jpg 768w, https:\/\/ebsm.pt\/base\/wp-content\/uploads\/2025\/02\/9o-campeonato-regional-de-jogos-matematicos-II-120x120.jpg 120w, https:\/\/ebsm.pt\/base\/wp-content\/uploads\/2025\/02\/9o-campeonato-regional-de-jogos-matematicos-II.jpg 1496w\" sizes=\"auto, (max-width: 1024px) 100vw, 1024px\" \/><\/figure>\n\n\n\n<figure class=\"wp-block-image size-large\"><img loading=\"lazy\" decoding=\"async\" width=\"1024\" height=\"768\" data-id=\"7065\" src=\"https:\/\/ebsm.pt\/base\/wp-content\/uploads\/2025\/02\/9o-campeonato-Regional-de-Jogod-Matematicos-1024x768.jpg\" alt=\"\" class=\"wp-image-7065\" srcset=\"https:\/\/ebsm.pt\/base\/wp-content\/uploads\/2025\/02\/9o-campeonato-Regional-de-Jogod-Matematicos-1024x768.jpg 1024w, https:\/\/ebsm.pt\/base\/wp-content\/uploads\/2025\/02\/9o-campeonato-Regional-de-Jogod-Matematicos-300x225.jpg 300w, https:\/\/ebsm.pt\/base\/wp-content\/uploads\/2025\/02\/9o-campeonato-Regional-de-Jogod-Matematicos-768x576.jpg 768w, https:\/\/ebsm.pt\/base\/wp-content\/uploads\/2025\/02\/9o-campeonato-Regional-de-Jogod-Matematicos-1536x1152.jpg 1536w, https:\/\/ebsm.pt\/base\/wp-content\/uploads\/2025\/02\/9o-campeonato-Regional-de-Jogod-Matematicos.jpg 2000w\" sizes=\"auto, (max-width: 1024px) 100vw, 1024px\" \/><\/figure>\n<\/figure>\n\n\n\n<p>Machico, 24 de fevereiro de 2025<\/p>\n\n\n\n<p>A respons\u00e1vel, Z\u00f3zima Afonseca<\/p>\n","protected":false},"excerpt":{"rendered":"<p>A Escola B\u00e1sica e Secund\u00e1ria de Machico voltou a participar no 9.\u00ba Campeonato Regional dos Jogos Matem\u00e1ticos, que decorreu no passado dia 21 de fevereiro, das 9:30h \u00e0s 16:30h, no Parque Desportivo dos Trabalhadores Dr.&nbsp; Sid\u00f3nio Fernandes. No \u00e2mbito do clube de matem\u00e1tica participaram &nbsp;tr\u00eas alunos do segundo ciclo, dois<\/p>\n","protected":false},"author":1,"featured_media":7059,"comment_status":"closed","ping_status":"open","sticky":false,"template":"","format":"standard","meta":{"_themeisle_gutenberg_block_has_review":false,"footnotes":"","_links_to":"","_links_to_target":""},"categories":[10],"tags":[],"class_list":["post-7056","post","type-post","status-publish","format-standard","has-post-thumbnail","hentry","category-noticias"],"_links":{"self":[{"href":"https:\/\/ebsm.pt\/base\/index.php?rest_route=\/wp\/v2\/posts\/7056","targetHints":{"allow":["GET"]}}],"collection":[{"href":"https:\/\/ebsm.pt\/base\/index.php?rest_route=\/wp\/v2\/posts"}],"about":[{"href":"https:\/\/ebsm.pt\/base\/index.php?rest_route=\/wp\/v2\/types\/post"}],"author":[{"embeddable":true,"href":"https:\/\/ebsm.pt\/base\/index.php?rest_route=\/wp\/v2\/users\/1"}],"replies":[{"embeddable":true,"href":"https:\/\/ebsm.pt\/base\/index.php?rest_route=%2Fwp%2Fv2%2Fcomments&post=7056"}],"version-history":[{"count":2,"href":"https:\/\/ebsm.pt\/base\/index.php?rest_route=\/wp\/v2\/posts\/7056\/revisions"}],"predecessor-version":[{"id":7069,"href":"https:\/\/ebsm.pt\/base\/index.php?rest_route=\/wp\/v2\/posts\/7056\/revisions\/7069"}],"wp:featuredmedia":[{"embeddable":true,"href":"https:\/\/ebsm.pt\/base\/index.php?rest_route=\/wp\/v2\/media\/7059"}],"wp:attachment":[{"href":"https:\/\/ebsm.pt\/base\/index.php?rest_route=%2Fwp%2Fv2%2Fmedia&parent=7056"}],"wp:term":[{"taxonomy":"category","embeddable":true,"href":"https:\/\/ebsm.pt\/base\/index.php?rest_route=%2Fwp%2Fv2%2Fcategories&post=7056"},{"taxonomy":"post_tag","embeddable":true,"href":"https:\/\/ebsm.pt\/base\/index.php?rest_route=%2Fwp%2Fv2%2Ftags&post=7056"}],"curies":[{"name":"wp","href":"https:\/\/api.w.org\/{rel}","templated":true}]}}