
{"id":7608,"date":"2026-03-10T14:54:05","date_gmt":"2026-03-10T14:54:05","guid":{"rendered":"https:\/\/ebsm.pt\/base\/?p=7608"},"modified":"2026-03-24T09:26:21","modified_gmt":"2026-03-24T09:26:21","slug":"semana-do-departamento-da-ciencias-exatas-e-naturais","status":"publish","type":"post","link":"https:\/\/ebsm.pt\/base\/?p=7608","title":{"rendered":"Semana do Departamento da Ci\u00eancias Exatas e Naturais"},"content":{"rendered":"\n<p>Entre os dias <strong>9 e 13 de mar\u00e7o<\/strong>, a nossa escola promove a <strong>Semana do Departamento de Ci\u00eancias Exatas e da Natureza<\/strong>, um evento dedicado \u00e0 valoriza\u00e7\u00e3o do conhecimento cient\u00edfico, ao desenvolvimento da curiosidade e \u00e0 promo\u00e7\u00e3o de aprendizagens significativas atrav\u00e9s de atividades din\u00e2micas e interativas.<\/p>\n\n\n\n<p>Ao longo desta semana, alunos, professores e restante comunidade educativa ter\u00e3o oportunidade de participar numa <strong>diversidade de atividades l\u00fadicas, pedag\u00f3gicas e experimentais<\/strong>, pensadas para estimular o interesse pelas \u00e1reas da Matem\u00e1tica, das Ci\u00eancias Naturais, da F\u00edsica e da Qu\u00edmica.<\/p>\n\n\n\n<p>O programa inclui <strong>atividades experimentais, exposi\u00e7\u00f5es tem\u00e1ticas, sess\u00f5es de cinema cient\u00edfico, desafios matem\u00e1ticos e cient\u00edficos, peddy paper, jogos tradicionais e a Feira dos Minerais<\/strong>, proporcionando momentos de descoberta, partilha e aprendizagem fora do contexto habitual da sala de aula.<\/p>\n\n\n\n<p>Durante esta semana ser\u00e1 tamb\u00e9m assinalado o <strong>Dia Internacional da Matem\u00e1tica<\/strong><strong> (14 de Mar\u00e7o)<\/strong>, com o tema <strong>Matem\u00e1tica e Esperan\u00e7a<\/strong>, que refor\u00e7a os valores da solidariedade e da responsabilidade social, incentivando os alunos a refletir sobre a import\u00e2ncia da coopera\u00e7\u00e3o e da entreajuda na constru\u00e7\u00e3o de uma sociedade mais justa.<\/p>\n\n\n\n<p>Este momento especial, ser\u00e1 celebrada no dia 13, com as t\u00e3o esperadas bolas de berlim e contar\u00e1 com a <strong>presen\u00e7a do Presidente da C\u00e2mara Municipal e dos Presidentes das Juntas de Freguesia<\/strong>, refor\u00e7ando a liga\u00e7\u00e3o entre a escola e a comunidade local e valorizando o papel da educa\u00e7\u00e3o cient\u00edfica no desenvolvimento da sociedade.<\/p>\n\n\n\n<p>Com esta iniciativa, o Departamento de Ci\u00eancias Exatas e da Natureza pretende <strong>promover o gosto pela ci\u00eancia, estimular o pensamento cr\u00edtico e a curiosidade cient\u00edfica, incentivar o trabalho colaborativo e aproximar a escola da comunidade<\/strong>, proporcionando experi\u00eancias educativas enriquecedoras para todos os participantes. Convidamos toda a comunidade educativa a <strong>participar e a celebrar connosco a ci\u00eancia, o conhecimento e a aprendizagem<\/strong> ao longo desta semana especial.<\/p>\n\n\n\n<p><\/p>\n\n\n\n<figure class=\"wp-block-image size-full\"><img loading=\"lazy\" decoding=\"async\" width=\"454\" height=\"340\" src=\"https:\/\/ebsm.pt\/base\/wp-content\/uploads\/2026\/03\/image-3.png\" alt=\"\" class=\"wp-image-7609\" srcset=\"https:\/\/ebsm.pt\/base\/wp-content\/uploads\/2026\/03\/image-3.png 454w, https:\/\/ebsm.pt\/base\/wp-content\/uploads\/2026\/03\/image-3-300x225.png 300w\" sizes=\"auto, (max-width: 454px) 100vw, 454px\" \/><\/figure>\n\n\n\n<figure class=\"wp-block-image size-full\"><img loading=\"lazy\" decoding=\"async\" width=\"485\" height=\"316\" src=\"https:\/\/ebsm.pt\/base\/wp-content\/uploads\/2026\/03\/image-4.png\" alt=\"\" class=\"wp-image-7610\" srcset=\"https:\/\/ebsm.pt\/base\/wp-content\/uploads\/2026\/03\/image-4.png 485w, https:\/\/ebsm.pt\/base\/wp-content\/uploads\/2026\/03\/image-4-300x195.png 300w\" sizes=\"auto, (max-width: 485px) 100vw, 485px\" \/><\/figure>\n\n\n\n<figure class=\"wp-block-image size-full\"><img loading=\"lazy\" decoding=\"async\" width=\"669\" height=\"502\" src=\"https:\/\/ebsm.pt\/base\/wp-content\/uploads\/2026\/03\/image-5.png\" alt=\"\" class=\"wp-image-7611\" srcset=\"https:\/\/ebsm.pt\/base\/wp-content\/uploads\/2026\/03\/image-5.png 669w, https:\/\/ebsm.pt\/base\/wp-content\/uploads\/2026\/03\/image-5-300x225.png 300w\" sizes=\"auto, (max-width: 669px) 100vw, 669px\" \/><\/figure>\n","protected":false},"excerpt":{"rendered":"<p>Entre os dias 9 e 13 de mar\u00e7o, a nossa escola promove a Semana do Departamento de Ci\u00eancias Exatas e da Natureza, um evento dedicado \u00e0 valoriza\u00e7\u00e3o do conhecimento cient\u00edfico, ao desenvolvimento da curiosidade e \u00e0 promo\u00e7\u00e3o de aprendizagens significativas atrav\u00e9s de atividades din\u00e2micas e interativas. Ao longo desta semana,<\/p>\n","protected":false},"author":1,"featured_media":7610,"comment_status":"closed","ping_status":"open","sticky":false,"template":"","format":"standard","meta":{"_themeisle_gutenberg_block_has_review":false,"footnotes":"","_links_to":"","_links_to_target":""},"categories":[10],"tags":[],"class_list":["post-7608","post","type-post","status-publish","format-standard","has-post-thumbnail","hentry","category-noticias"],"_links":{"self":[{"href":"https:\/\/ebsm.pt\/base\/index.php?rest_route=\/wp\/v2\/posts\/7608","targetHints":{"allow":["GET"]}}],"collection":[{"href":"https:\/\/ebsm.pt\/base\/index.php?rest_route=\/wp\/v2\/posts"}],"about":[{"href":"https:\/\/ebsm.pt\/base\/index.php?rest_route=\/wp\/v2\/types\/post"}],"author":[{"embeddable":true,"href":"https:\/\/ebsm.pt\/base\/index.php?rest_route=\/wp\/v2\/users\/1"}],"replies":[{"embeddable":true,"href":"https:\/\/ebsm.pt\/base\/index.php?rest_route=%2Fwp%2Fv2%2Fcomments&post=7608"}],"version-history":[{"count":2,"href":"https:\/\/ebsm.pt\/base\/index.php?rest_route=\/wp\/v2\/posts\/7608\/revisions"}],"predecessor-version":[{"id":7613,"href":"https:\/\/ebsm.pt\/base\/index.php?rest_route=\/wp\/v2\/posts\/7608\/revisions\/7613"}],"wp:featuredmedia":[{"embeddable":true,"href":"https:\/\/ebsm.pt\/base\/index.php?rest_route=\/wp\/v2\/media\/7610"}],"wp:attachment":[{"href":"https:\/\/ebsm.pt\/base\/index.php?rest_route=%2Fwp%2Fv2%2Fmedia&parent=7608"}],"wp:term":[{"taxonomy":"category","embeddable":true,"href":"https:\/\/ebsm.pt\/base\/index.php?rest_route=%2Fwp%2Fv2%2Fcategories&post=7608"},{"taxonomy":"post_tag","embeddable":true,"href":"https:\/\/ebsm.pt\/base\/index.php?rest_route=%2Fwp%2Fv2%2Ftags&post=7608"}],"curies":[{"name":"wp","href":"https:\/\/api.w.org\/{rel}","templated":true}]}}