
{"id":7759,"date":"2026-04-27T20:42:41","date_gmt":"2026-04-27T20:42:41","guid":{"rendered":"https:\/\/ebsm.pt\/base\/?p=7759"},"modified":"2026-04-27T20:43:12","modified_gmt":"2026-04-27T20:43:12","slug":"curso-de-engenharia-biomedica-uma","status":"publish","type":"post","link":"https:\/\/ebsm.pt\/base\/?p=7759","title":{"rendered":"Curso de Engenharia Biom\u00e9dica &#8211; UMA"},"content":{"rendered":"\n<p>No dia 23 de abril, decorreu uma sess\u00e3o de esclarecimento na nossa escola sobre o curso de Engenharia Biom\u00e9dica da Universidade da Madeira. A apresenta\u00e7\u00e3o foi conduzida pelo diretor do curso, Dr. Morgado, e pelo professor Rodrigo Lima.<\/p>\n\n\n\n<p>A sess\u00e3o foi dirigida aos alunos do 10\u00ba e 12\u00ba anos de Ci\u00eancias e Tecnologias, proporcionando uma valiosa oportunidade para informar e orientar os estudantes sobre poss\u00edveis op\u00e7\u00f5es de prosseguimento de estudos superiores na sua \u00e1rea de interesse, sem que seja necess\u00e1rio sair da regi\u00e3o.<\/p>\n\n\n\n<figure class=\"wp-block-gallery has-nested-images columns-default is-cropped wp-block-gallery-1 is-layout-flex wp-block-gallery-is-layout-flex\">\n<figure class=\"wp-block-image size-large\"><img loading=\"lazy\" decoding=\"async\" width=\"1024\" height=\"472\" data-id=\"7761\" src=\"https:\/\/ebsm.pt\/base\/wp-content\/uploads\/2026\/04\/WhatsApp-Image-2026-04-27-at-10.21.21-1024x472.jpeg\" alt=\"\" class=\"wp-image-7761\" srcset=\"https:\/\/ebsm.pt\/base\/wp-content\/uploads\/2026\/04\/WhatsApp-Image-2026-04-27-at-10.21.21-1024x472.jpeg 1024w, https:\/\/ebsm.pt\/base\/wp-content\/uploads\/2026\/04\/WhatsApp-Image-2026-04-27-at-10.21.21-300x138.jpeg 300w, https:\/\/ebsm.pt\/base\/wp-content\/uploads\/2026\/04\/WhatsApp-Image-2026-04-27-at-10.21.21-768x354.jpeg 768w, https:\/\/ebsm.pt\/base\/wp-content\/uploads\/2026\/04\/WhatsApp-Image-2026-04-27-at-10.21.21-1536x708.jpeg 1536w, https:\/\/ebsm.pt\/base\/wp-content\/uploads\/2026\/04\/WhatsApp-Image-2026-04-27-at-10.21.21.jpeg 1600w\" sizes=\"auto, (max-width: 1024px) 100vw, 1024px\" \/><\/figure>\n\n\n\n<figure class=\"wp-block-image size-large\"><img loading=\"lazy\" decoding=\"async\" width=\"1024\" height=\"528\" data-id=\"7760\" src=\"https:\/\/ebsm.pt\/base\/wp-content\/uploads\/2026\/04\/WhatsApp-Image-2026-04-27-at-10.20.54-1024x528.jpeg\" alt=\"\" class=\"wp-image-7760\" srcset=\"https:\/\/ebsm.pt\/base\/wp-content\/uploads\/2026\/04\/WhatsApp-Image-2026-04-27-at-10.20.54-1024x528.jpeg 1024w, https:\/\/ebsm.pt\/base\/wp-content\/uploads\/2026\/04\/WhatsApp-Image-2026-04-27-at-10.20.54-300x155.jpeg 300w, https:\/\/ebsm.pt\/base\/wp-content\/uploads\/2026\/04\/WhatsApp-Image-2026-04-27-at-10.20.54-768x396.jpeg 768w, https:\/\/ebsm.pt\/base\/wp-content\/uploads\/2026\/04\/WhatsApp-Image-2026-04-27-at-10.20.54-1536x791.jpeg 1536w, https:\/\/ebsm.pt\/base\/wp-content\/uploads\/2026\/04\/WhatsApp-Image-2026-04-27-at-10.20.54.jpeg 2005w\" sizes=\"auto, (max-width: 1024px) 100vw, 1024px\" \/><\/figure>\n<\/figure>\n","protected":false},"excerpt":{"rendered":"<p>No dia 23 de abril, decorreu uma sess\u00e3o de esclarecimento na nossa escola sobre o curso de Engenharia Biom\u00e9dica da Universidade da Madeira. A apresenta\u00e7\u00e3o foi conduzida pelo diretor do curso, Dr. Morgado, e pelo professor Rodrigo Lima. A sess\u00e3o foi dirigida aos alunos do 10\u00ba e 12\u00ba anos de<\/p>\n","protected":false},"author":1,"featured_media":7763,"comment_status":"closed","ping_status":"open","sticky":false,"template":"","format":"standard","meta":{"_themeisle_gutenberg_block_has_review":false,"footnotes":"","_links_to":"","_links_to_target":""},"categories":[11,10],"tags":[],"class_list":["post-7759","post","type-post","status-publish","format-standard","has-post-thumbnail","hentry","category-info","category-noticias"],"_links":{"self":[{"href":"https:\/\/ebsm.pt\/base\/index.php?rest_route=\/wp\/v2\/posts\/7759","targetHints":{"allow":["GET"]}}],"collection":[{"href":"https:\/\/ebsm.pt\/base\/index.php?rest_route=\/wp\/v2\/posts"}],"about":[{"href":"https:\/\/ebsm.pt\/base\/index.php?rest_route=\/wp\/v2\/types\/post"}],"author":[{"embeddable":true,"href":"https:\/\/ebsm.pt\/base\/index.php?rest_route=\/wp\/v2\/users\/1"}],"replies":[{"embeddable":true,"href":"https:\/\/ebsm.pt\/base\/index.php?rest_route=%2Fwp%2Fv2%2Fcomments&post=7759"}],"version-history":[{"count":2,"href":"https:\/\/ebsm.pt\/base\/index.php?rest_route=\/wp\/v2\/posts\/7759\/revisions"}],"predecessor-version":[{"id":7765,"href":"https:\/\/ebsm.pt\/base\/index.php?rest_route=\/wp\/v2\/posts\/7759\/revisions\/7765"}],"wp:featuredmedia":[{"embeddable":true,"href":"https:\/\/ebsm.pt\/base\/index.php?rest_route=\/wp\/v2\/media\/7763"}],"wp:attachment":[{"href":"https:\/\/ebsm.pt\/base\/index.php?rest_route=%2Fwp%2Fv2%2Fmedia&parent=7759"}],"wp:term":[{"taxonomy":"category","embeddable":true,"href":"https:\/\/ebsm.pt\/base\/index.php?rest_route=%2Fwp%2Fv2%2Fcategories&post=7759"},{"taxonomy":"post_tag","embeddable":true,"href":"https:\/\/ebsm.pt\/base\/index.php?rest_route=%2Fwp%2Fv2%2Ftags&post=7759"}],"curies":[{"name":"wp","href":"https:\/\/api.w.org\/{rel}","templated":true}]}}