
{"id":7766,"date":"2026-04-27T20:44:41","date_gmt":"2026-04-27T20:44:41","guid":{"rendered":"https:\/\/ebsm.pt\/base\/?p=7766"},"modified":"2026-04-27T20:44:45","modified_gmt":"2026-04-27T20:44:45","slug":"sessoes-de-divulgacao-e-informacao-para-os-estudantes-do-ensino-secundario-ebsm","status":"publish","type":"post","link":"https:\/\/ebsm.pt\/base\/?p=7766","title":{"rendered":"Sess\u00f5es de Divulga\u00e7\u00e3o e Informa\u00e7\u00e3o para os estudantes do ensino secund\u00e1rio &#8211; EBSM"},"content":{"rendered":"\n<p>No dia 17 de mar\u00e7o, decorreram duas Sess\u00f5es de Divulga\u00e7\u00e3o e Informa\u00e7\u00e3o para os estudantes do ensino secund\u00e1rio, promovidas pelo Gabinete do Ensino Superior da Madeira: uma destinada aos alunos dos cursos cient\u00edfico human\u00edsticos e outra aos alunos do ensino profissional. A Dra. Carla Costa, chefe de divis\u00e3o de processos no GES, abordou a import\u00e2ncia da forma\u00e7\u00e3o de n\u00edvel superior, os cuidados a ter na escolha dos cursos e das universidades e nas respetivas candidaturas, salientando as implica\u00e7\u00f5es que os exames nacionais\/provas de ingresso t\u00eam em todo este processo. Ainda, apresentou os apoios sociais dispon\u00edveis para que todos os alunos tenham acesso a uma qualifica\u00e7\u00e3o superior.<\/p>\n\n\n\n<figure class=\"wp-block-image size-large\"><img loading=\"lazy\" decoding=\"async\" width=\"1024\" height=\"1009\" src=\"https:\/\/ebsm.pt\/base\/wp-content\/uploads\/2026\/04\/WhatsApp-Image-2026-04-27-at-10.37.08-1024x1009.jpeg\" alt=\"\" class=\"wp-image-7762\" srcset=\"https:\/\/ebsm.pt\/base\/wp-content\/uploads\/2026\/04\/WhatsApp-Image-2026-04-27-at-10.37.08-1024x1009.jpeg 1024w, https:\/\/ebsm.pt\/base\/wp-content\/uploads\/2026\/04\/WhatsApp-Image-2026-04-27-at-10.37.08-300x296.jpeg 300w, https:\/\/ebsm.pt\/base\/wp-content\/uploads\/2026\/04\/WhatsApp-Image-2026-04-27-at-10.37.08-768x757.jpeg 768w, https:\/\/ebsm.pt\/base\/wp-content\/uploads\/2026\/04\/WhatsApp-Image-2026-04-27-at-10.37.08.jpeg 1080w\" sizes=\"auto, (max-width: 1024px) 100vw, 1024px\" \/><\/figure>\n","protected":false},"excerpt":{"rendered":"<p>No dia 17 de mar\u00e7o, decorreram duas Sess\u00f5es de Divulga\u00e7\u00e3o e Informa\u00e7\u00e3o para os estudantes do ensino secund\u00e1rio, promovidas pelo Gabinete do Ensino Superior da Madeira: uma destinada aos alunos dos cursos cient\u00edfico human\u00edsticos e outra aos alunos do ensino profissional. A Dra. Carla Costa, chefe de divis\u00e3o de processos<\/p>\n","protected":false},"author":1,"featured_media":7767,"comment_status":"closed","ping_status":"open","sticky":false,"template":"","format":"standard","meta":{"_themeisle_gutenberg_block_has_review":false,"footnotes":"","_links_to":"","_links_to_target":""},"categories":[11,10],"tags":[],"class_list":["post-7766","post","type-post","status-publish","format-standard","has-post-thumbnail","hentry","category-info","category-noticias"],"_links":{"self":[{"href":"https:\/\/ebsm.pt\/base\/index.php?rest_route=\/wp\/v2\/posts\/7766","targetHints":{"allow":["GET"]}}],"collection":[{"href":"https:\/\/ebsm.pt\/base\/index.php?rest_route=\/wp\/v2\/posts"}],"about":[{"href":"https:\/\/ebsm.pt\/base\/index.php?rest_route=\/wp\/v2\/types\/post"}],"author":[{"embeddable":true,"href":"https:\/\/ebsm.pt\/base\/index.php?rest_route=\/wp\/v2\/users\/1"}],"replies":[{"embeddable":true,"href":"https:\/\/ebsm.pt\/base\/index.php?rest_route=%2Fwp%2Fv2%2Fcomments&post=7766"}],"version-history":[{"count":1,"href":"https:\/\/ebsm.pt\/base\/index.php?rest_route=\/wp\/v2\/posts\/7766\/revisions"}],"predecessor-version":[{"id":7768,"href":"https:\/\/ebsm.pt\/base\/index.php?rest_route=\/wp\/v2\/posts\/7766\/revisions\/7768"}],"wp:featuredmedia":[{"embeddable":true,"href":"https:\/\/ebsm.pt\/base\/index.php?rest_route=\/wp\/v2\/media\/7767"}],"wp:attachment":[{"href":"https:\/\/ebsm.pt\/base\/index.php?rest_route=%2Fwp%2Fv2%2Fmedia&parent=7766"}],"wp:term":[{"taxonomy":"category","embeddable":true,"href":"https:\/\/ebsm.pt\/base\/index.php?rest_route=%2Fwp%2Fv2%2Fcategories&post=7766"},{"taxonomy":"post_tag","embeddable":true,"href":"https:\/\/ebsm.pt\/base\/index.php?rest_route=%2Fwp%2Fv2%2Ftags&post=7766"}],"curies":[{"name":"wp","href":"https:\/\/api.w.org\/{rel}","templated":true}]}}