
{"id":7778,"date":"2026-04-29T22:19:44","date_gmt":"2026-04-29T22:19:44","guid":{"rendered":"https:\/\/ebsm.pt\/base\/?p=7778"},"modified":"2026-04-29T22:19:47","modified_gmt":"2026-04-29T22:19:47","slug":"ebsmachico-regressa-a-assembleia-legislativa-da-madeira-para-a-7a-edicao-do-madeiramun","status":"publish","type":"post","link":"https:\/\/ebsm.pt\/base\/?p=7778","title":{"rendered":"EBSMachico regressa \u00e0 Assembleia Legislativa da Madeira para a 7\u00aa Edi\u00e7\u00e3o do MadeiraMUN."},"content":{"rendered":"\n<p>\u00c0 semelhan\u00e7a das edi\u00e7\u00f5es anteriores, a Escola B\u00e1sica e Secund\u00e1ria de Machico participou, no passado dia 24 de abril, no VII\u00ba MadeiraMUN \u2013 Modelo das Na\u00e7\u00f5es Unidas, um verdadeiro &#8220;laborat\u00f3rio de cidadania&#8221;, como referiu o Diretor Regional de Juventude, Andr\u00e9 Alves.<\/p>\n\n\n\n<p>Ao longo da sess\u00e3o, que decorreu na Assembleia Legislativa da Madeira, debateu-se um dos pilares do projeto europeu, o respeito pelos Direitos Humanos. &#8220;Conflitos Armados e Direitos Humanos&#8221; foi o ponto de partida para o debate em \u00e1reas como a prote\u00e7\u00e3o das popula\u00e7\u00f5es civis, nomeadamente das crian\u00e7as, a interven\u00e7\u00e3o externa e ajuda humanit\u00e1ria, ou mesmo a atua\u00e7\u00e3o do Tribunal Penal Internacional na penaliza\u00e7\u00e3o dos crimes de guerra.<\/p>\n\n\n\n<p>A EBSM fez-se representar por 13 delegados, tendo a nossa Escola recebido tr\u00eas Men\u00e7\u00f5es Honrosas.<\/p>\n\n\n\n<figure class=\"wp-block-gallery has-nested-images columns-default is-cropped wp-block-gallery-1 is-layout-flex wp-block-gallery-is-layout-flex\">\n<figure class=\"wp-block-image size-large\"><img loading=\"lazy\" decoding=\"async\" width=\"1024\" height=\"683\" data-id=\"7781\" src=\"https:\/\/ebsm.pt\/base\/wp-content\/uploads\/2026\/04\/FB_IMG_1777060375631-1024x683.jpg\" alt=\"\" class=\"wp-image-7781\" srcset=\"https:\/\/ebsm.pt\/base\/wp-content\/uploads\/2026\/04\/FB_IMG_1777060375631-1024x683.jpg 1024w, https:\/\/ebsm.pt\/base\/wp-content\/uploads\/2026\/04\/FB_IMG_1777060375631-300x200.jpg 300w, https:\/\/ebsm.pt\/base\/wp-content\/uploads\/2026\/04\/FB_IMG_1777060375631-768x512.jpg 768w, https:\/\/ebsm.pt\/base\/wp-content\/uploads\/2026\/04\/FB_IMG_1777060375631-1536x1025.jpg 1536w, https:\/\/ebsm.pt\/base\/wp-content\/uploads\/2026\/04\/FB_IMG_1777060375631.jpg 2048w\" sizes=\"auto, (max-width: 1024px) 100vw, 1024px\" \/><\/figure>\n\n\n\n<figure class=\"wp-block-image size-large\"><img loading=\"lazy\" decoding=\"async\" width=\"1024\" height=\"683\" data-id=\"7779\" src=\"https:\/\/ebsm.pt\/base\/wp-content\/uploads\/2026\/04\/FB_IMG_1777060397958-1024x683.jpg\" alt=\"\" class=\"wp-image-7779\" srcset=\"https:\/\/ebsm.pt\/base\/wp-content\/uploads\/2026\/04\/FB_IMG_1777060397958-1024x683.jpg 1024w, https:\/\/ebsm.pt\/base\/wp-content\/uploads\/2026\/04\/FB_IMG_1777060397958-300x200.jpg 300w, https:\/\/ebsm.pt\/base\/wp-content\/uploads\/2026\/04\/FB_IMG_1777060397958-768x512.jpg 768w, https:\/\/ebsm.pt\/base\/wp-content\/uploads\/2026\/04\/FB_IMG_1777060397958-1536x1025.jpg 1536w, https:\/\/ebsm.pt\/base\/wp-content\/uploads\/2026\/04\/FB_IMG_1777060397958.jpg 2048w\" sizes=\"auto, (max-width: 1024px) 100vw, 1024px\" \/><\/figure>\n\n\n\n<figure class=\"wp-block-image size-large\"><img loading=\"lazy\" decoding=\"async\" width=\"1024\" height=\"768\" data-id=\"7780\" src=\"https:\/\/ebsm.pt\/base\/wp-content\/uploads\/2026\/04\/IMG-20260424-WA0022-1024x768.jpg\" alt=\"\" class=\"wp-image-7780\" srcset=\"https:\/\/ebsm.pt\/base\/wp-content\/uploads\/2026\/04\/IMG-20260424-WA0022-1024x768.jpg 1024w, https:\/\/ebsm.pt\/base\/wp-content\/uploads\/2026\/04\/IMG-20260424-WA0022-300x225.jpg 300w, https:\/\/ebsm.pt\/base\/wp-content\/uploads\/2026\/04\/IMG-20260424-WA0022-768x576.jpg 768w, https:\/\/ebsm.pt\/base\/wp-content\/uploads\/2026\/04\/IMG-20260424-WA0022-1536x1152.jpg 1536w, https:\/\/ebsm.pt\/base\/wp-content\/uploads\/2026\/04\/IMG-20260424-WA0022.jpg 2000w\" sizes=\"auto, (max-width: 1024px) 100vw, 1024px\" \/><\/figure>\n<\/figure>\n","protected":false},"excerpt":{"rendered":"<p>\u00c0 semelhan\u00e7a das edi\u00e7\u00f5es anteriores, a Escola B\u00e1sica e Secund\u00e1ria de Machico participou, no passado dia 24 de abril, no VII\u00ba MadeiraMUN \u2013 Modelo das Na\u00e7\u00f5es Unidas, um verdadeiro &#8220;laborat\u00f3rio de cidadania&#8221;, como referiu o Diretor Regional de Juventude, Andr\u00e9 Alves. Ao longo da sess\u00e3o, que decorreu na Assembleia Legislativa<\/p>\n","protected":false},"author":1,"featured_media":7782,"comment_status":"closed","ping_status":"open","sticky":false,"template":"","format":"standard","meta":{"_themeisle_gutenberg_block_has_review":false,"footnotes":"","_links_to":"","_links_to_target":""},"categories":[11,10],"tags":[],"class_list":["post-7778","post","type-post","status-publish","format-standard","has-post-thumbnail","hentry","category-info","category-noticias"],"_links":{"self":[{"href":"https:\/\/ebsm.pt\/base\/index.php?rest_route=\/wp\/v2\/posts\/7778","targetHints":{"allow":["GET"]}}],"collection":[{"href":"https:\/\/ebsm.pt\/base\/index.php?rest_route=\/wp\/v2\/posts"}],"about":[{"href":"https:\/\/ebsm.pt\/base\/index.php?rest_route=\/wp\/v2\/types\/post"}],"author":[{"embeddable":true,"href":"https:\/\/ebsm.pt\/base\/index.php?rest_route=\/wp\/v2\/users\/1"}],"replies":[{"embeddable":true,"href":"https:\/\/ebsm.pt\/base\/index.php?rest_route=%2Fwp%2Fv2%2Fcomments&post=7778"}],"version-history":[{"count":1,"href":"https:\/\/ebsm.pt\/base\/index.php?rest_route=\/wp\/v2\/posts\/7778\/revisions"}],"predecessor-version":[{"id":7783,"href":"https:\/\/ebsm.pt\/base\/index.php?rest_route=\/wp\/v2\/posts\/7778\/revisions\/7783"}],"wp:featuredmedia":[{"embeddable":true,"href":"https:\/\/ebsm.pt\/base\/index.php?rest_route=\/wp\/v2\/media\/7782"}],"wp:attachment":[{"href":"https:\/\/ebsm.pt\/base\/index.php?rest_route=%2Fwp%2Fv2%2Fmedia&parent=7778"}],"wp:term":[{"taxonomy":"category","embeddable":true,"href":"https:\/\/ebsm.pt\/base\/index.php?rest_route=%2Fwp%2Fv2%2Fcategories&post=7778"},{"taxonomy":"post_tag","embeddable":true,"href":"https:\/\/ebsm.pt\/base\/index.php?rest_route=%2Fwp%2Fv2%2Ftags&post=7778"}],"curies":[{"name":"wp","href":"https:\/\/api.w.org\/{rel}","templated":true}]}}